{"id":559,"date":"2024-03-05T11:13:53","date_gmt":"2024-03-05T11:13:53","guid":{"rendered":"https:\/\/pajtakert.hu\/?p=559"},"modified":"2024-03-05T11:13:55","modified_gmt":"2024-03-05T11:13:55","slug":"mi-az-a-luca-nap","status":"publish","type":"post","link":"https:\/\/pajtakert.hu\/en\/mi-az-a-luca-nap\/","title":{"rendered":"What is 'Lucy's Day'?"},"content":{"rendered":"<h2 class=\"wp-block-heading\"><strong>Origin of Saint Lucy's day<\/strong><\/h2>\n\n\n\n<p>The most mysterious day of the Advent period is December 13th, Saint Lucy's Day, which is connected to numerous folk customs, superstitions, and beliefs. Among these, we find the Lucy's Day singing, which is believed to bring fertility and abundance, wheat planting, and the preparation of the Saint Lucy's calendar used for weather forecasting.<\/p>\n\n\n\n<p>An interesting aspect of Saint Lucy's Day predictions is the love predictions, during which the names cooked in the dumplings showed the first name of the girl's future husband!<\/p>\n\n\n\n<p>Moreover, fitting for the darkest period of the year, according to folk belief, witches and evil spirits also roam on this day! This is connected to the carving of the Saint Lucy's chair, which was carved using nine different types of wood. Only one operation could be performed each day, and on Christmas Eve, sitting on the completed chair, the members of the congregation could spot the hidden witches among them.<\/p>\n\n\n\n<p><img fetchpriority=\"high\" decoding=\"async\" width=\"346\" height=\"194\" src=\"https:\/\/lh7-us.googleusercontent.com\/Zrzsu4y_sZtrMh5khM6-Fnimx2_fywE12ZbAtr7ETxfvlFNAaXxBb5cIYwzvZNnZIfWyNcfhpIjRp4QVTGVFp3ePnoXG-9_B1tntOrmwcmqhZmQWHylqxn3JBjLf28O6tCwTh2bR87XwOz29ePdfuw\"><img decoding=\"async\" width=\"164\" height=\"192\" src=\"https:\/\/lh7-us.googleusercontent.com\/p1wc-gq9jeBKJIZup8EaXSpe0mnf7qGXBm9Vo2Ql4_k5uxMX19-SF3sBOh5kyAW-7CF-9voJAl_CmN-p3YuPQtVsxC1DoDHn_Yl9pHI8Isu9Q_VXzPIqQm-Va9H2PoUKdOZsb8h7kOUZz2dDHv2LHw\"><\/p>\n\n\n\n<h2 class=\"wp-block-heading\"><strong>Why is it worth visiting Holl\u00f3k\u0151 on Lucy's day?<\/strong><\/h2>\n\n\n\n<p>In Holl\u00f3k\u0151, the local residents still preserve the majority of Saint Lucy's Day traditions, primarily the \"kotyol\u00e1s\" ritual, where they gladly welcome guests but keep witches away! During this time, some of the village's inhabitants form small groups and go from house to house reciting abundance-bringing rhymes and songs, while the hosts express their gratitude for the well-wishes by offering food and drink. Visitors to our village have the opportunity to join in the \"kotyol\u00e1s\" and gather magical items in their Saint Lucy's bags at each household to ward off witches!<\/p>","protected":false},"excerpt":{"rendered":"<p>The most mysterious day of the Advent period is December 13th, the day of Saint Lucy, which is associated with numerous folk customs, superstitions, and beliefs<\/p>","protected":false},"author":1,"featured_media":599,"comment_status":"closed","ping_status":"open","sticky":false,"template":"","format":"standard","meta":{"footnotes":""},"categories":[1],"tags":[],"class_list":["post-559","post","type-post","status-publish","format-standard","has-post-thumbnail","hentry","category-paloc-hirek"],"acf":[],"yoast_head":"<!-- This site is optimized with the Yoast SEO plugin v21.7 - https:\/\/yoast.com\/wordpress\/plugins\/seo\/ -->\n<title>Mi az a Luca-nap? - Pajtakert<\/title>\n<meta name=\"description\" content=\"A Luca-nap Holl\u00f3k\u0151n m\u00e1ig \u00e9l\u0151 hagyom\u00e1nyok \u00f6vezik, amelyek k\u00f6z\u00e9 tartozik a Luca sz\u00e9k farag\u00e1s \u00e9s a kotyol\u00e1s is.\" \/>\n<meta name=\"robots\" content=\"index, follow, max-snippet:-1, max-image-preview:large, max-video-preview:-1\" \/>\n<link rel=\"canonical\" href=\"https:\/\/pajtakert.hu\/en\/mi-az-a-luca-nap\/\" \/>\n<meta property=\"og:locale\" content=\"en_GB\" \/>\n<meta property=\"og:type\" content=\"article\" \/>\n<meta property=\"og:title\" content=\"Mi az a Luca-nap? - Pajtakert\" \/>\n<meta property=\"og:description\" content=\"A Luca-nap Holl\u00f3k\u0151n m\u00e1ig \u00e9l\u0151 hagyom\u00e1nyok \u00f6vezik, amelyek k\u00f6z\u00e9 tartozik a Luca sz\u00e9k farag\u00e1s \u00e9s a kotyol\u00e1s is.\" \/>\n<meta property=\"og:url\" content=\"https:\/\/pajtakert.hu\/en\/mi-az-a-luca-nap\/\" \/>\n<meta property=\"og:site_name\" content=\"Pajtakert\" \/>\n<meta property=\"article:publisher\" content=\"https:\/\/www.facebook.com\/profile.php?id=100057282676387\" \/>\n<meta property=\"article:published_time\" content=\"2024-03-05T11:13:53+00:00\" \/>\n<meta property=\"article:modified_time\" content=\"2024-03-05T11:13:55+00:00\" \/>\n<meta property=\"og:image\" content=\"https:\/\/pajtakert.hu\/wp-content\/uploads\/2023\/12\/Luca-nap.jpg\" \/>\n\t<meta property=\"og:image:width\" content=\"1308\" \/>\n\t<meta property=\"og:image:height\" content=\"872\" \/>\n\t<meta property=\"og:image:type\" content=\"image\/jpeg\" \/>\n<meta name=\"author\" content=\"pajtakert\" \/>\n<meta name=\"twitter:card\" content=\"summary_large_image\" \/>\n<meta name=\"twitter:label1\" content=\"Written by\" \/>\n\t<meta name=\"twitter:data1\" content=\"pajtakert\" \/>\n\t<meta name=\"twitter:label2\" content=\"Estimated reading time\" \/>\n\t<meta name=\"twitter:data2\" content=\"2 minutes\" \/>\n<script type=\"application\/ld+json\" class=\"yoast-schema-graph\">{\"@context\":\"https:\/\/schema.org\",\"@graph\":[{\"@type\":\"Article\",\"@id\":\"https:\/\/pajtakert.hu\/mi-az-a-luca-nap\/#article\",\"isPartOf\":{\"@id\":\"https:\/\/pajtakert.hu\/mi-az-a-luca-nap\/\"},\"author\":{\"name\":\"pajtakert\",\"@id\":\"https:\/\/pajtakert.hu\/#\/schema\/person\/31e8d20cdb653b555a3a2883f2b77a93\"},\"headline\":\"Mi az a Luca-nap?\",\"datePublished\":\"2024-03-05T11:13:53+00:00\",\"dateModified\":\"2024-03-05T11:13:55+00:00\",\"mainEntityOfPage\":{\"@id\":\"https:\/\/pajtakert.hu\/mi-az-a-luca-nap\/\"},\"wordCount\":320,\"publisher\":{\"@id\":\"https:\/\/pajtakert.hu\/#organization\"},\"articleSection\":[\"Pal\u00f3c H\u00edrek\"],\"inLanguage\":\"en-GB\"},{\"@type\":\"WebPage\",\"@id\":\"https:\/\/pajtakert.hu\/mi-az-a-luca-nap\/\",\"url\":\"https:\/\/pajtakert.hu\/mi-az-a-luca-nap\/\",\"name\":\"Mi az a Luca-nap? - Pajtakert\",\"isPartOf\":{\"@id\":\"https:\/\/pajtakert.hu\/#website\"},\"datePublished\":\"2024-03-05T11:13:53+00:00\",\"dateModified\":\"2024-03-05T11:13:55+00:00\",\"description\":\"A Luca-nap Holl\u00f3k\u0151n m\u00e1ig \u00e9l\u0151 hagyom\u00e1nyok \u00f6vezik, amelyek k\u00f6z\u00e9 tartozik a Luca sz\u00e9k farag\u00e1s \u00e9s a kotyol\u00e1s is.\",\"breadcrumb\":{\"@id\":\"https:\/\/pajtakert.hu\/mi-az-a-luca-nap\/#breadcrumb\"},\"inLanguage\":\"en-GB\",\"potentialAction\":[{\"@type\":\"ReadAction\",\"target\":[\"https:\/\/pajtakert.hu\/mi-az-a-luca-nap\/\"]}]},{\"@type\":\"BreadcrumbList\",\"@id\":\"https:\/\/pajtakert.hu\/mi-az-a-luca-nap\/#breadcrumb\",\"itemListElement\":[{\"@type\":\"ListItem\",\"position\":1,\"name\":\"Home\",\"item\":\"https:\/\/pajtakert.hu\/\"},{\"@type\":\"ListItem\",\"position\":2,\"name\":\"Mi az a Luca-nap?\"}]},{\"@type\":\"WebSite\",\"@id\":\"https:\/\/pajtakert.hu\/#website\",\"url\":\"https:\/\/pajtakert.hu\/\",\"name\":\"Pajtakert Programiroda - Holl\u00f3k\u0151\",\"description\":\"Holl\u00f3k\u0151i programok szervez\u00e9se\",\"publisher\":{\"@id\":\"https:\/\/pajtakert.hu\/#organization\"},\"alternateName\":\"Pajtakert\",\"potentialAction\":[{\"@type\":\"SearchAction\",\"target\":{\"@type\":\"EntryPoint\",\"urlTemplate\":\"https:\/\/pajtakert.hu\/?s={search_term_string}\"},\"query-input\":\"required name=search_term_string\"}],\"inLanguage\":\"en-GB\"},{\"@type\":\"Organization\",\"@id\":\"https:\/\/pajtakert.hu\/#organization\",\"name\":\"Pajtakert Programiroda - Holl\u00f3k\u0151\",\"alternateName\":\"Pajtakert Programiroda - Holl\u00f3k\u0151\",\"url\":\"https:\/\/pajtakert.hu\/\",\"logo\":{\"@type\":\"ImageObject\",\"inLanguage\":\"en-GB\",\"@id\":\"https:\/\/pajtakert.hu\/#\/schema\/logo\/image\/\",\"url\":\"https:\/\/pajtakert.hu\/wp-content\/uploads\/2023\/08\/cropped-Logo-horizontal.png\",\"contentUrl\":\"https:\/\/pajtakert.hu\/wp-content\/uploads\/2023\/08\/cropped-Logo-horizontal.png\",\"width\":624,\"height\":143,\"caption\":\"Pajtakert Programiroda - Holl\u00f3k\u0151\"},\"image\":{\"@id\":\"https:\/\/pajtakert.hu\/#\/schema\/logo\/image\/\"},\"sameAs\":[\"https:\/\/www.facebook.com\/profile.php?id=100057282676387\",\"https:\/\/www.instagram.com\/pajtakert_programiroda\/\",\"https:\/\/www.tripadvisor.com\/Trips\/128507903#\/Tab\/Itinerary\"]},{\"@type\":\"Person\",\"@id\":\"https:\/\/pajtakert.hu\/#\/schema\/person\/31e8d20cdb653b555a3a2883f2b77a93\",\"name\":\"pajtakert\",\"image\":{\"@type\":\"ImageObject\",\"inLanguage\":\"en-GB\",\"@id\":\"https:\/\/pajtakert.hu\/#\/schema\/person\/image\/\",\"url\":\"https:\/\/secure.gravatar.com\/avatar\/6291c0ecd2754f0f45472c79870d8538aed998e01b813e0ebef35b9b08a42c59?s=96&d=mm&r=g\",\"contentUrl\":\"https:\/\/secure.gravatar.com\/avatar\/6291c0ecd2754f0f45472c79870d8538aed998e01b813e0ebef35b9b08a42c59?s=96&d=mm&r=g\",\"caption\":\"pajtakert\"},\"sameAs\":[\"https:\/\/pajtakert.wpengine.com\"],\"url\":\"https:\/\/pajtakert.hu\/en\/author\/pajtakert\/\"}]}<\/script>\n<!-- \/ Yoast SEO plugin. -->","yoast_head_json":{"title":"Mi az a Luca-nap? - Pajtakert","description":"A Luca-nap Holl\u00f3k\u0151n m\u00e1ig \u00e9l\u0151 hagyom\u00e1nyok \u00f6vezik, amelyek k\u00f6z\u00e9 tartozik a Luca sz\u00e9k farag\u00e1s \u00e9s a kotyol\u00e1s is.","robots":{"index":"index","follow":"follow","max-snippet":"max-snippet:-1","max-image-preview":"max-image-preview:large","max-video-preview":"max-video-preview:-1"},"canonical":"https:\/\/pajtakert.hu\/en\/mi-az-a-luca-nap\/","og_locale":"en_GB","og_type":"article","og_title":"Mi az a Luca-nap? - Pajtakert","og_description":"A Luca-nap Holl\u00f3k\u0151n m\u00e1ig \u00e9l\u0151 hagyom\u00e1nyok \u00f6vezik, amelyek k\u00f6z\u00e9 tartozik a Luca sz\u00e9k farag\u00e1s \u00e9s a kotyol\u00e1s is.","og_url":"https:\/\/pajtakert.hu\/en\/mi-az-a-luca-nap\/","og_site_name":"Pajtakert","article_publisher":"https:\/\/www.facebook.com\/profile.php?id=100057282676387","article_published_time":"2024-03-05T11:13:53+00:00","article_modified_time":"2024-03-05T11:13:55+00:00","og_image":[{"width":1308,"height":872,"url":"https:\/\/pajtakert.hu\/wp-content\/uploads\/2023\/12\/Luca-nap.jpg","type":"image\/jpeg"}],"author":"pajtakert","twitter_card":"summary_large_image","twitter_misc":{"Written by":"pajtakert","Estimated reading time":"2 minutes"},"schema":{"@context":"https:\/\/schema.org","@graph":[{"@type":"Article","@id":"https:\/\/pajtakert.hu\/mi-az-a-luca-nap\/#article","isPartOf":{"@id":"https:\/\/pajtakert.hu\/mi-az-a-luca-nap\/"},"author":{"name":"pajtakert","@id":"https:\/\/pajtakert.hu\/#\/schema\/person\/31e8d20cdb653b555a3a2883f2b77a93"},"headline":"Mi az a Luca-nap?","datePublished":"2024-03-05T11:13:53+00:00","dateModified":"2024-03-05T11:13:55+00:00","mainEntityOfPage":{"@id":"https:\/\/pajtakert.hu\/mi-az-a-luca-nap\/"},"wordCount":320,"publisher":{"@id":"https:\/\/pajtakert.hu\/#organization"},"articleSection":["Pal\u00f3c H\u00edrek"],"inLanguage":"en-GB"},{"@type":"WebPage","@id":"https:\/\/pajtakert.hu\/mi-az-a-luca-nap\/","url":"https:\/\/pajtakert.hu\/mi-az-a-luca-nap\/","name":"Mi az a Luca-nap? - Pajtakert","isPartOf":{"@id":"https:\/\/pajtakert.hu\/#website"},"datePublished":"2024-03-05T11:13:53+00:00","dateModified":"2024-03-05T11:13:55+00:00","description":"A Luca-nap Holl\u00f3k\u0151n m\u00e1ig \u00e9l\u0151 hagyom\u00e1nyok \u00f6vezik, amelyek k\u00f6z\u00e9 tartozik a Luca sz\u00e9k farag\u00e1s \u00e9s a kotyol\u00e1s is.","breadcrumb":{"@id":"https:\/\/pajtakert.hu\/mi-az-a-luca-nap\/#breadcrumb"},"inLanguage":"en-GB","potentialAction":[{"@type":"ReadAction","target":["https:\/\/pajtakert.hu\/mi-az-a-luca-nap\/"]}]},{"@type":"BreadcrumbList","@id":"https:\/\/pajtakert.hu\/mi-az-a-luca-nap\/#breadcrumb","itemListElement":[{"@type":"ListItem","position":1,"name":"Home","item":"https:\/\/pajtakert.hu\/"},{"@type":"ListItem","position":2,"name":"Mi az a Luca-nap?"}]},{"@type":"WebSite","@id":"https:\/\/pajtakert.hu\/#website","url":"https:\/\/pajtakert.hu\/","name":"Pajtakert Programiroda - Holl\u00f3k\u0151","description":"Holl\u00f3k\u0151i programok szervez\u00e9se","publisher":{"@id":"https:\/\/pajtakert.hu\/#organization"},"alternateName":"Pajtakert","potentialAction":[{"@type":"SearchAction","target":{"@type":"EntryPoint","urlTemplate":"https:\/\/pajtakert.hu\/?s={search_term_string}"},"query-input":"required name=search_term_string"}],"inLanguage":"en-GB"},{"@type":"Organization","@id":"https:\/\/pajtakert.hu\/#organization","name":"Pajtakert Programiroda - Holl\u00f3k\u0151","alternateName":"Pajtakert Programiroda - Holl\u00f3k\u0151","url":"https:\/\/pajtakert.hu\/","logo":{"@type":"ImageObject","inLanguage":"en-GB","@id":"https:\/\/pajtakert.hu\/#\/schema\/logo\/image\/","url":"https:\/\/pajtakert.hu\/wp-content\/uploads\/2023\/08\/cropped-Logo-horizontal.png","contentUrl":"https:\/\/pajtakert.hu\/wp-content\/uploads\/2023\/08\/cropped-Logo-horizontal.png","width":624,"height":143,"caption":"Pajtakert Programiroda - Holl\u00f3k\u0151"},"image":{"@id":"https:\/\/pajtakert.hu\/#\/schema\/logo\/image\/"},"sameAs":["https:\/\/www.facebook.com\/profile.php?id=100057282676387","https:\/\/www.instagram.com\/pajtakert_programiroda\/","https:\/\/www.tripadvisor.com\/Trips\/128507903#\/Tab\/Itinerary"]},{"@type":"Person","@id":"https:\/\/pajtakert.hu\/#\/schema\/person\/31e8d20cdb653b555a3a2883f2b77a93","name":"pajtakert","image":{"@type":"ImageObject","inLanguage":"en-GB","@id":"https:\/\/pajtakert.hu\/#\/schema\/person\/image\/","url":"https:\/\/secure.gravatar.com\/avatar\/6291c0ecd2754f0f45472c79870d8538aed998e01b813e0ebef35b9b08a42c59?s=96&d=mm&r=g","contentUrl":"https:\/\/secure.gravatar.com\/avatar\/6291c0ecd2754f0f45472c79870d8538aed998e01b813e0ebef35b9b08a42c59?s=96&d=mm&r=g","caption":"pajtakert"},"sameAs":["https:\/\/pajtakert.wpengine.com"],"url":"https:\/\/pajtakert.hu\/en\/author\/pajtakert\/"}]}},"featured_image_src":"https:\/\/pajtakert.hu\/wp-content\/uploads\/2023\/12\/Luca-nap-600x400.jpg","featured_image_src_square":"https:\/\/pajtakert.hu\/wp-content\/uploads\/2023\/12\/Luca-nap-600x600.jpg","author_info":{"display_name":"pajtakert","author_link":"https:\/\/pajtakert.hu\/en\/author\/pajtakert\/"},"_links":{"self":[{"href":"https:\/\/pajtakert.hu\/en\/wp-json\/wp\/v2\/posts\/559","targetHints":{"allow":["GET"]}}],"collection":[{"href":"https:\/\/pajtakert.hu\/en\/wp-json\/wp\/v2\/posts"}],"about":[{"href":"https:\/\/pajtakert.hu\/en\/wp-json\/wp\/v2\/types\/post"}],"author":[{"embeddable":true,"href":"https:\/\/pajtakert.hu\/en\/wp-json\/wp\/v2\/users\/1"}],"replies":[{"embeddable":true,"href":"https:\/\/pajtakert.hu\/en\/wp-json\/wp\/v2\/comments?post=559"}],"version-history":[{"count":0,"href":"https:\/\/pajtakert.hu\/en\/wp-json\/wp\/v2\/posts\/559\/revisions"}],"wp:featuredmedia":[{"embeddable":true,"href":"https:\/\/pajtakert.hu\/en\/wp-json\/wp\/v2\/media\/599"}],"wp:attachment":[{"href":"https:\/\/pajtakert.hu\/en\/wp-json\/wp\/v2\/media?parent=559"}],"wp:term":[{"taxonomy":"category","embeddable":true,"href":"https:\/\/pajtakert.hu\/en\/wp-json\/wp\/v2\/categories?post=559"},{"taxonomy":"post_tag","embeddable":true,"href":"https:\/\/pajtakert.hu\/en\/wp-json\/wp\/v2\/tags?post=559"}],"curies":[{"name":"wp","href":"https:\/\/api.w.org\/{rel}","templated":true}]}}